{"id":891,"date":"2021-04-25T18:17:27","date_gmt":"2021-04-25T16:17:27","guid":{"rendered":"http:\/\/www.elsbeerreich.at\/WP\/?p=891"},"modified":"2023-05-24T17:42:47","modified_gmt":"2023-05-24T15:42:47","slug":"elsbeerbluete","status":"publish","type":"post","link":"https:\/\/www.elsbeerreich.at\/WP\/elsbeerbluete\/","title":{"rendered":"Elsbeerbl\u00fcte"},"content":{"rendered":"\n<p class=\"has-black-color has-white-background-color has-text-color has-background\">Den Beginn der sehr verhaltenen Elsbeerbl\u00fcte startete heuer sp\u00e4ter als gewohnt. Erst ab 15. Mai sah man vereinzelt Bl\u00fcten und am 20.5. gab es die Vollbl\u00fcte zu Bestauen. Aber &#8211; wie gesagt &#8211; nur an einigen wenigen Elsbeerb\u00e4umen. <br>Elsbeer-Wanderwege laden ein &#8211; z. B. der in Michelbach oder der auf die Gf\u00f6hlbergh\u00fctte, &#8230;<\/p>\n","protected":false},"excerpt":{"rendered":"<p>Den Beginn der sehr verhaltenen Elsbeerbl\u00fcte startete heuer sp\u00e4ter als gewohnt. Erst ab 15. Mai sah man vereinzelt Bl\u00fcten und am 20.5. gab es die Vollbl\u00fcte zu Bestauen. Aber &#8211; wie gesagt &#8211; nur an einigen wenigen Elsbeerb\u00e4umen. Elsbeer-Wanderwege laden ein &#8211; z. B. der in Michelbach oder der auf die Gf\u00f6hlbergh\u00fctte, &#8230;<\/p>\n","protected":false},"author":2,"featured_media":0,"comment_status":"open","ping_status":"open","sticky":false,"template":"","format":"aside","meta":{"footnotes":""},"categories":[1],"tags":[],"class_list":["post-891","post","type-post","status-publish","format-aside","hentry","category-allgemein","post_format-post-format-aside"],"_links":{"self":[{"href":"https:\/\/www.elsbeerreich.at\/WP\/wp-json\/wp\/v2\/posts\/891","targetHints":{"allow":["GET"]}}],"collection":[{"href":"https:\/\/www.elsbeerreich.at\/WP\/wp-json\/wp\/v2\/posts"}],"about":[{"href":"https:\/\/www.elsbeerreich.at\/WP\/wp-json\/wp\/v2\/types\/post"}],"author":[{"embeddable":true,"href":"https:\/\/www.elsbeerreich.at\/WP\/wp-json\/wp\/v2\/users\/2"}],"replies":[{"embeddable":true,"href":"https:\/\/www.elsbeerreich.at\/WP\/wp-json\/wp\/v2\/comments?post=891"}],"version-history":[{"count":7,"href":"https:\/\/www.elsbeerreich.at\/WP\/wp-json\/wp\/v2\/posts\/891\/revisions"}],"predecessor-version":[{"id":1187,"href":"https:\/\/www.elsbeerreich.at\/WP\/wp-json\/wp\/v2\/posts\/891\/revisions\/1187"}],"wp:attachment":[{"href":"https:\/\/www.elsbeerreich.at\/WP\/wp-json\/wp\/v2\/media?parent=891"}],"wp:term":[{"taxonomy":"category","embeddable":true,"href":"https:\/\/www.elsbeerreich.at\/WP\/wp-json\/wp\/v2\/categories?post=891"},{"taxonomy":"post_tag","embeddable":true,"href":"https:\/\/www.elsbeerreich.at\/WP\/wp-json\/wp\/v2\/tags?post=891"}],"curies":[{"name":"wp","href":"https:\/\/api.w.org\/{rel}","templated":true}]}}